{"id":1538,"date":"2023-03-16T13:31:09","date_gmt":"2023-03-16T13:31:09","guid":{"rendered":"https:\/\/cinebase.escac.es\/?p=1538"},"modified":"2023-10-05T11:14:37","modified_gmt":"2023-10-05T11:14:37","slug":"aleix-matas-del-festival-de-cinebase-a-lescac","status":"publish","type":"post","link":"https:\/\/cinebase.escac.es\/ca\/aleix-matas-del-festival-de-cinebase-a-lescac\/","title":{"rendered":"Aleix Matas: del Festival de CinebAse a l&#8217;ESCAC"},"content":{"rendered":"<h2><strong>La import\u00e0ncia de l&#8217;equip i l&#8217;exploraci\u00f3 creativa<\/strong><\/h2>\n<p>Avui us presentem l&#8217;Aleix\u00a0Matas, un jove cineasta que va guanyar en la categoria especial \u2018<em>Thriller Polic\u00edac\u2019<\/em>, del <a href=\"https:\/\/cinebase.escac.es\/ca\/festival-cine-base\/\">Festival CINE BASE<\/a> amb el curtmetratge &#8220;Awaken&#8221;. Ara mateix est\u00e0 estudiant el primer any de <a href=\"https:\/\/escac.com\/ca\/formacio\/grau\/grau-oficial-en-cinematografia\/\">Grau de Cinematografia<\/a> a l&#8217;<a href=\"https:\/\/escac.com\/ca\/\">ESCAC<\/a> i vol compartir amb vosaltres la seva experi\u00e8ncia.<\/p>\n<p>El seu\u00a0<strong>curtmetratge<\/strong> <strong>&#8220;Awaken&#8221;<\/strong> va ser realitzat com a<strong> treball de recerca<\/strong> en el projecte final de 2\u00ba de Batxillerat a l&#8217;<a href=\"https:\/\/www.bellera.cat\/\"><span class=\"css-901oao css-16my406 r-poiln3 r-b88u0q r-bcqeeo r-qvutc0\">INS<\/span> <span class=\"css-901oao css-16my406 r-poiln3 r-b88u0q r-bcqeeo r-qvutc0\">Celest\u00ed<\/span> <span class=\"css-901oao css-16my406 r-poiln3 r-b88u0q r-bcqeeo r-qvutc0\">Bellera<\/span><\/a> i, despr\u00e9s de veure el gran potencial que tenia, l&#8217;Aleix va decidir presentar-lo al festival. El curtmetratge ens porta a trav\u00e9s d&#8217;un emocionant thriller polic\u00edac que capta l&#8217;atenci\u00f3 dels espectadors des del primer moment.<\/p>\n<p>El dia de la gala del festival el que m\u00e9s li va impactar a l&#8217;Aleix, va ser veure el seu curtmetratge a la pantalla gran dels Cinemes Verdi. I no nom\u00e9s aix\u00f2, tamb\u00e9 va participar en el\u00a0<a href=\"https:\/\/cinebase.escac.es\/ca\/joves\/\"><em>Summer\u00a0School<\/em><\/a>\u00a0de\u00a0CinebAse, on va aprendre un munt de coses sobre com dirigir actors i actrius, a donar vida als guions, percebre les qualitats de cada personatge i con\u00e8ixer els recursos interpretatius.<\/p>\n<p>A l&#8217;ESCAC, on ara estudia, ha pogut con\u00e8ixer a altres estudiants amb la mateixa passi\u00f3 pel cinema, i el millor de tot, ha establert una connexi\u00f3 molt bona amb ells. Ha participat en un munt d&#8217;activitats i rodatges que li han perm\u00e8s con\u00e8ixer a molta gent nova i descobrir noves oportunitats dins del m\u00f3n del cinema.<\/p>\n<p>Si\u00a0teniu en ment\u00a0presentar un curtmetratge al <a href=\"https:\/\/cinebase.escac.es\/ca\/festival-cine-base\/\">Festival CINE BASE,<\/a> l&#8217;Aleix us recomana que no us oblideu de l&#8217;equip. \u00c9s important tenir un grup de gent amb qui confiar i que pugui ajudar-te a resoldre problemes i proposar idees per millorar el teu projecte.<\/p>\n<p>Per acabar, l&#8217;Aleix us anima a seguir els vostres somnis i no tenir por de provar coses noves.<\/p>\n<p><iframe loading=\"lazy\" title=\"CinebAse | Aleix Matas: del Festival de CinebAse a l&#039;ESCAC\" width=\"500\" height=\"281\" src=\"https:\/\/www.youtube.com\/embed\/PFvUajNWhCs?feature=oembed\" frameborder=\"0\" allow=\"accelerometer; autoplay; clipboard-write; encrypted-media; gyroscope; picture-in-picture; web-share\" referrerpolicy=\"strict-origin-when-cross-origin\" allowfullscreen><\/iframe><\/p>\n","protected":false},"excerpt":{"rendered":"<p>La import\u00e0ncia de l&#8217;equip i l&#8217;exploraci\u00f3 creativa Avui us presentem l&#8217;Aleix\u00a0Matas, un jove cineasta que va guanyar en la categoria especial \u2018Thriller Polic\u00edac\u2019, del Festival CINE BASE amb el curtmetratge &#8220;Awaken&#8221;. Ara mateix est\u00e0 estudiant el primer any de Grau de Cinematografia a l&#8217;ESCAC i vol compartir amb vosaltres la seva experi\u00e8ncia. El seu\u00a0curtmetratge &#8220;Awaken&#8221; [&hellip;]<\/p>\n","protected":false},"author":1,"featured_media":1880,"comment_status":"open","ping_status":"open","sticky":false,"template":"","format":"standard","meta":{"_acf_changed":false,"footnotes":""},"categories":[49],"tags":[],"class_list":["post-1538","post","type-post","status-publish","format-standard","has-post-thumbnail","hentry","category-festival-cine-base-2"],"acf":[],"yoast_head":"<!-- This site is optimized with the Yoast SEO plugin v27.4 - https:\/\/yoast.com\/product\/yoast-seo-wordpress\/ -->\n<title>Aleix Matas: del Festival de CinebAse a l&#039;ESCAC - Cinebase<\/title>\n<meta name=\"robots\" content=\"index, follow, max-snippet:-1, max-image-preview:large, max-video-preview:-1\" \/>\n<link rel=\"canonical\" href=\"https:\/\/cinebase.escac.es\/ca\/aleix-matas-del-festival-de-cinebase-a-lescac\/\" \/>\n<meta property=\"og:locale\" content=\"ca_ES\" \/>\n<meta property=\"og:type\" content=\"article\" \/>\n<meta property=\"og:title\" content=\"Aleix Matas: del Festival de CinebAse a l&#039;ESCAC - Cinebase\" \/>\n<meta property=\"og:description\" content=\"La import\u00e0ncia de l&#8217;equip i l&#8217;exploraci\u00f3 creativa Avui us presentem l&#8217;Aleix\u00a0Matas, un jove cineasta que va guanyar en la categoria especial \u2018Thriller Polic\u00edac\u2019, del Festival CINE BASE amb el curtmetratge &#8220;Awaken&#8221;. Ara mateix est\u00e0 estudiant el primer any de Grau de Cinematografia a l&#8217;ESCAC i vol compartir amb vosaltres la seva experi\u00e8ncia. El seu\u00a0curtmetratge &#8220;Awaken&#8221; [&hellip;]\" \/>\n<meta property=\"og:url\" content=\"https:\/\/cinebase.escac.es\/ca\/aleix-matas-del-festival-de-cinebase-a-lescac\/\" \/>\n<meta property=\"og:site_name\" content=\"Cinebase\" \/>\n<meta property=\"article:published_time\" content=\"2023-03-16T13:31:09+00:00\" \/>\n<meta property=\"article:modified_time\" content=\"2023-10-05T11:14:37+00:00\" \/>\n<meta property=\"og:image\" content=\"https:\/\/cinebase.escac.es\/wp-content\/uploads\/2023\/03\/Aleix-Matas-del-Festival-de-CinebAse-a-lESCAC-1-1656x1000.jpg\" \/>\n\t<meta property=\"og:image:width\" content=\"1656\" \/>\n\t<meta property=\"og:image:height\" content=\"1164\" \/>\n\t<meta property=\"og:image:type\" content=\"image\/jpeg\" \/>\n<meta name=\"author\" content=\"Cinebase\" \/>\n<meta name=\"twitter:card\" content=\"summary_large_image\" \/>\n<meta name=\"twitter:label1\" content=\"Escrit per\" \/>\n\t<meta name=\"twitter:data1\" content=\"Cinebase\" \/>\n\t<meta name=\"twitter:label2\" content=\"Temps estimat de lectura\" \/>\n\t<meta name=\"twitter:data2\" content=\"2 minuts\" \/>\n<script type=\"application\/ld+json\" class=\"yoast-schema-graph\">{\"@context\":\"https:\\\/\\\/schema.org\",\"@graph\":[{\"@type\":\"Article\",\"@id\":\"https:\\\/\\\/cinebase.escac.es\\\/ca\\\/aleix-matas-del-festival-de-cinebase-a-lescac\\\/#article\",\"isPartOf\":{\"@id\":\"https:\\\/\\\/cinebase.escac.es\\\/ca\\\/aleix-matas-del-festival-de-cinebase-a-lescac\\\/\"},\"author\":{\"name\":\"Cinebase\",\"@id\":\"https:\\\/\\\/cinebase.escac.es\\\/ca\\\/#\\\/schema\\\/person\\\/1e64e0273e1275245487ea55df4caa3a\"},\"headline\":\"Aleix Matas: del Festival de CinebAse a l&#8217;ESCAC\",\"datePublished\":\"2023-03-16T13:31:09+00:00\",\"dateModified\":\"2023-10-05T11:14:37+00:00\",\"mainEntityOfPage\":{\"@id\":\"https:\\\/\\\/cinebase.escac.es\\\/ca\\\/aleix-matas-del-festival-de-cinebase-a-lescac\\\/\"},\"wordCount\":328,\"commentCount\":0,\"image\":{\"@id\":\"https:\\\/\\\/cinebase.escac.es\\\/ca\\\/aleix-matas-del-festival-de-cinebase-a-lescac\\\/#primaryimage\"},\"thumbnailUrl\":\"https:\\\/\\\/cinebase.escac.es\\\/wp-content\\\/uploads\\\/2023\\\/03\\\/Aleix-Matas-del-Festival-de-CinebAse-a-lESCAC-1-1656x1000.jpg\",\"articleSection\":[\"Festival Cine Base\"],\"inLanguage\":\"ca\"},{\"@type\":\"WebPage\",\"@id\":\"https:\\\/\\\/cinebase.escac.es\\\/ca\\\/aleix-matas-del-festival-de-cinebase-a-lescac\\\/\",\"url\":\"https:\\\/\\\/cinebase.escac.es\\\/ca\\\/aleix-matas-del-festival-de-cinebase-a-lescac\\\/\",\"name\":\"Aleix Matas: del Festival de CinebAse a l'ESCAC - Cinebase\",\"isPartOf\":{\"@id\":\"https:\\\/\\\/cinebase.escac.es\\\/ca\\\/#website\"},\"primaryImageOfPage\":{\"@id\":\"https:\\\/\\\/cinebase.escac.es\\\/ca\\\/aleix-matas-del-festival-de-cinebase-a-lescac\\\/#primaryimage\"},\"image\":{\"@id\":\"https:\\\/\\\/cinebase.escac.es\\\/ca\\\/aleix-matas-del-festival-de-cinebase-a-lescac\\\/#primaryimage\"},\"thumbnailUrl\":\"https:\\\/\\\/cinebase.escac.es\\\/wp-content\\\/uploads\\\/2023\\\/03\\\/Aleix-Matas-del-Festival-de-CinebAse-a-lESCAC-1-1656x1000.jpg\",\"datePublished\":\"2023-03-16T13:31:09+00:00\",\"dateModified\":\"2023-10-05T11:14:37+00:00\",\"author\":{\"@id\":\"https:\\\/\\\/cinebase.escac.es\\\/ca\\\/#\\\/schema\\\/person\\\/1e64e0273e1275245487ea55df4caa3a\"},\"inLanguage\":\"ca\",\"potentialAction\":[{\"@type\":\"ReadAction\",\"target\":[\"https:\\\/\\\/cinebase.escac.es\\\/ca\\\/aleix-matas-del-festival-de-cinebase-a-lescac\\\/\"]}]},{\"@type\":\"ImageObject\",\"inLanguage\":\"ca\",\"@id\":\"https:\\\/\\\/cinebase.escac.es\\\/ca\\\/aleix-matas-del-festival-de-cinebase-a-lescac\\\/#primaryimage\",\"url\":\"https:\\\/\\\/cinebase.escac.es\\\/wp-content\\\/uploads\\\/2023\\\/03\\\/Aleix-Matas-del-Festival-de-CinebAse-a-lESCAC-1-1656x1000.jpg\",\"contentUrl\":\"https:\\\/\\\/cinebase.escac.es\\\/wp-content\\\/uploads\\\/2023\\\/03\\\/Aleix-Matas-del-Festival-de-CinebAse-a-lESCAC-1-1656x1000.jpg\",\"width\":1656,\"height\":1164},{\"@type\":\"WebSite\",\"@id\":\"https:\\\/\\\/cinebase.escac.es\\\/ca\\\/#website\",\"url\":\"https:\\\/\\\/cinebase.escac.es\\\/ca\\\/\",\"name\":\"Cinebase\",\"description\":\"\",\"potentialAction\":[{\"@type\":\"SearchAction\",\"target\":{\"@type\":\"EntryPoint\",\"urlTemplate\":\"https:\\\/\\\/cinebase.escac.es\\\/ca\\\/?s={search_term_string}\"},\"query-input\":{\"@type\":\"PropertyValueSpecification\",\"valueRequired\":true,\"valueName\":\"search_term_string\"}}],\"inLanguage\":\"ca\"},{\"@type\":\"Person\",\"@id\":\"https:\\\/\\\/cinebase.escac.es\\\/ca\\\/#\\\/schema\\\/person\\\/1e64e0273e1275245487ea55df4caa3a\",\"name\":\"Cinebase\",\"image\":{\"@type\":\"ImageObject\",\"inLanguage\":\"ca\",\"@id\":\"https:\\\/\\\/secure.gravatar.com\\\/avatar\\\/5c0dd23a851c89e1d80016efef6dc884eac5522cba53cde8f92116ac41425f86?s=96&d=mm&r=g\",\"url\":\"https:\\\/\\\/secure.gravatar.com\\\/avatar\\\/5c0dd23a851c89e1d80016efef6dc884eac5522cba53cde8f92116ac41425f86?s=96&d=mm&r=g\",\"contentUrl\":\"https:\\\/\\\/secure.gravatar.com\\\/avatar\\\/5c0dd23a851c89e1d80016efef6dc884eac5522cba53cde8f92116ac41425f86?s=96&d=mm&r=g\",\"caption\":\"Cinebase\"},\"sameAs\":[\"https:\\\/\\\/cinebase.escac.es\"],\"url\":\"https:\\\/\\\/cinebase.escac.es\\\/ca\\\/author\\\/cnbsusr\\\/\"}]}<\/script>\n<!-- \/ Yoast SEO plugin. -->","yoast_head_json":{"title":"Aleix Matas: del Festival de CinebAse a l'ESCAC - Cinebase","robots":{"index":"index","follow":"follow","max-snippet":"max-snippet:-1","max-image-preview":"max-image-preview:large","max-video-preview":"max-video-preview:-1"},"canonical":"https:\/\/cinebase.escac.es\/ca\/aleix-matas-del-festival-de-cinebase-a-lescac\/","og_locale":"ca_ES","og_type":"article","og_title":"Aleix Matas: del Festival de CinebAse a l'ESCAC - Cinebase","og_description":"La import\u00e0ncia de l&#8217;equip i l&#8217;exploraci\u00f3 creativa Avui us presentem l&#8217;Aleix\u00a0Matas, un jove cineasta que va guanyar en la categoria especial \u2018Thriller Polic\u00edac\u2019, del Festival CINE BASE amb el curtmetratge &#8220;Awaken&#8221;. Ara mateix est\u00e0 estudiant el primer any de Grau de Cinematografia a l&#8217;ESCAC i vol compartir amb vosaltres la seva experi\u00e8ncia. El seu\u00a0curtmetratge &#8220;Awaken&#8221; [&hellip;]","og_url":"https:\/\/cinebase.escac.es\/ca\/aleix-matas-del-festival-de-cinebase-a-lescac\/","og_site_name":"Cinebase","article_published_time":"2023-03-16T13:31:09+00:00","article_modified_time":"2023-10-05T11:14:37+00:00","og_image":[{"width":1656,"height":1164,"url":"https:\/\/cinebase.escac.es\/wp-content\/uploads\/2023\/03\/Aleix-Matas-del-Festival-de-CinebAse-a-lESCAC-1-1656x1000.jpg","type":"image\/jpeg"}],"author":"Cinebase","twitter_card":"summary_large_image","twitter_misc":{"Escrit per":"Cinebase","Temps estimat de lectura":"2 minuts"},"schema":{"@context":"https:\/\/schema.org","@graph":[{"@type":"Article","@id":"https:\/\/cinebase.escac.es\/ca\/aleix-matas-del-festival-de-cinebase-a-lescac\/#article","isPartOf":{"@id":"https:\/\/cinebase.escac.es\/ca\/aleix-matas-del-festival-de-cinebase-a-lescac\/"},"author":{"name":"Cinebase","@id":"https:\/\/cinebase.escac.es\/ca\/#\/schema\/person\/1e64e0273e1275245487ea55df4caa3a"},"headline":"Aleix Matas: del Festival de CinebAse a l&#8217;ESCAC","datePublished":"2023-03-16T13:31:09+00:00","dateModified":"2023-10-05T11:14:37+00:00","mainEntityOfPage":{"@id":"https:\/\/cinebase.escac.es\/ca\/aleix-matas-del-festival-de-cinebase-a-lescac\/"},"wordCount":328,"commentCount":0,"image":{"@id":"https:\/\/cinebase.escac.es\/ca\/aleix-matas-del-festival-de-cinebase-a-lescac\/#primaryimage"},"thumbnailUrl":"https:\/\/cinebase.escac.es\/wp-content\/uploads\/2023\/03\/Aleix-Matas-del-Festival-de-CinebAse-a-lESCAC-1-1656x1000.jpg","articleSection":["Festival Cine Base"],"inLanguage":"ca"},{"@type":"WebPage","@id":"https:\/\/cinebase.escac.es\/ca\/aleix-matas-del-festival-de-cinebase-a-lescac\/","url":"https:\/\/cinebase.escac.es\/ca\/aleix-matas-del-festival-de-cinebase-a-lescac\/","name":"Aleix Matas: del Festival de CinebAse a l'ESCAC - Cinebase","isPartOf":{"@id":"https:\/\/cinebase.escac.es\/ca\/#website"},"primaryImageOfPage":{"@id":"https:\/\/cinebase.escac.es\/ca\/aleix-matas-del-festival-de-cinebase-a-lescac\/#primaryimage"},"image":{"@id":"https:\/\/cinebase.escac.es\/ca\/aleix-matas-del-festival-de-cinebase-a-lescac\/#primaryimage"},"thumbnailUrl":"https:\/\/cinebase.escac.es\/wp-content\/uploads\/2023\/03\/Aleix-Matas-del-Festival-de-CinebAse-a-lESCAC-1-1656x1000.jpg","datePublished":"2023-03-16T13:31:09+00:00","dateModified":"2023-10-05T11:14:37+00:00","author":{"@id":"https:\/\/cinebase.escac.es\/ca\/#\/schema\/person\/1e64e0273e1275245487ea55df4caa3a"},"inLanguage":"ca","potentialAction":[{"@type":"ReadAction","target":["https:\/\/cinebase.escac.es\/ca\/aleix-matas-del-festival-de-cinebase-a-lescac\/"]}]},{"@type":"ImageObject","inLanguage":"ca","@id":"https:\/\/cinebase.escac.es\/ca\/aleix-matas-del-festival-de-cinebase-a-lescac\/#primaryimage","url":"https:\/\/cinebase.escac.es\/wp-content\/uploads\/2023\/03\/Aleix-Matas-del-Festival-de-CinebAse-a-lESCAC-1-1656x1000.jpg","contentUrl":"https:\/\/cinebase.escac.es\/wp-content\/uploads\/2023\/03\/Aleix-Matas-del-Festival-de-CinebAse-a-lESCAC-1-1656x1000.jpg","width":1656,"height":1164},{"@type":"WebSite","@id":"https:\/\/cinebase.escac.es\/ca\/#website","url":"https:\/\/cinebase.escac.es\/ca\/","name":"Cinebase","description":"","potentialAction":[{"@type":"SearchAction","target":{"@type":"EntryPoint","urlTemplate":"https:\/\/cinebase.escac.es\/ca\/?s={search_term_string}"},"query-input":{"@type":"PropertyValueSpecification","valueRequired":true,"valueName":"search_term_string"}}],"inLanguage":"ca"},{"@type":"Person","@id":"https:\/\/cinebase.escac.es\/ca\/#\/schema\/person\/1e64e0273e1275245487ea55df4caa3a","name":"Cinebase","image":{"@type":"ImageObject","inLanguage":"ca","@id":"https:\/\/secure.gravatar.com\/avatar\/5c0dd23a851c89e1d80016efef6dc884eac5522cba53cde8f92116ac41425f86?s=96&d=mm&r=g","url":"https:\/\/secure.gravatar.com\/avatar\/5c0dd23a851c89e1d80016efef6dc884eac5522cba53cde8f92116ac41425f86?s=96&d=mm&r=g","contentUrl":"https:\/\/secure.gravatar.com\/avatar\/5c0dd23a851c89e1d80016efef6dc884eac5522cba53cde8f92116ac41425f86?s=96&d=mm&r=g","caption":"Cinebase"},"sameAs":["https:\/\/cinebase.escac.es"],"url":"https:\/\/cinebase.escac.es\/ca\/author\/cnbsusr\/"}]}},"_links":{"self":[{"href":"https:\/\/cinebase.escac.es\/ca\/wp-json\/wp\/v2\/posts\/1538","targetHints":{"allow":["GET"]}}],"collection":[{"href":"https:\/\/cinebase.escac.es\/ca\/wp-json\/wp\/v2\/posts"}],"about":[{"href":"https:\/\/cinebase.escac.es\/ca\/wp-json\/wp\/v2\/types\/post"}],"author":[{"embeddable":true,"href":"https:\/\/cinebase.escac.es\/ca\/wp-json\/wp\/v2\/users\/1"}],"replies":[{"embeddable":true,"href":"https:\/\/cinebase.escac.es\/ca\/wp-json\/wp\/v2\/comments?post=1538"}],"version-history":[{"count":4,"href":"https:\/\/cinebase.escac.es\/ca\/wp-json\/wp\/v2\/posts\/1538\/revisions"}],"predecessor-version":[{"id":1671,"href":"https:\/\/cinebase.escac.es\/ca\/wp-json\/wp\/v2\/posts\/1538\/revisions\/1671"}],"wp:featuredmedia":[{"embeddable":true,"href":"https:\/\/cinebase.escac.es\/ca\/wp-json\/wp\/v2\/media\/1880"}],"wp:attachment":[{"href":"https:\/\/cinebase.escac.es\/ca\/wp-json\/wp\/v2\/media?parent=1538"}],"wp:term":[{"taxonomy":"category","embeddable":true,"href":"https:\/\/cinebase.escac.es\/ca\/wp-json\/wp\/v2\/categories?post=1538"},{"taxonomy":"post_tag","embeddable":true,"href":"https:\/\/cinebase.escac.es\/ca\/wp-json\/wp\/v2\/tags?post=1538"}],"curies":[{"name":"wp","href":"https:\/\/api.w.org\/{rel}","templated":true}]}}